{"id":775,"date":"2025-08-28T16:07:50","date_gmt":"2025-08-28T15:07:50","guid":{"rendered":"http:\/\/tousazimuts-asso.fr\/?p=775"},"modified":"2025-08-28T16:07:52","modified_gmt":"2025-08-28T15:07:52","slug":"cest-la-rentree","status":"publish","type":"post","link":"https:\/\/tousazimuts-asso.fr\/index.php\/2025\/08\/28\/cest-la-rentree\/","title":{"rendered":"Rentr\u00e9e 2025\/2026"},"content":{"rendered":"\n<p><img loading=\"lazy\" class=\" wp-image-3638 aligncenter\" src=\"http:\/\/tousazimuts-asso.fr\/wp-content\/uploads\/2021\/08\/forum-des-associations-1-300x195.jpg\" alt=\"\" width=\"471\" height=\"306\" srcset=\"https:\/\/tousazimuts-asso.fr\/wp-content\/uploads\/2021\/08\/forum-des-associations-1-300x195.jpg 300w, https:\/\/tousazimuts-asso.fr\/wp-content\/uploads\/2021\/08\/forum-des-associations-1-768x499.jpg 768w, https:\/\/tousazimuts-asso.fr\/wp-content\/uploads\/2021\/08\/forum-des-associations-1.jpg 800w\" sizes=\"(max-width: 471px) 100vw, 471px\" \/><\/p>\n<p>&nbsp;<\/p>\n\n\n\n<div class=\"wp-block-group\"><div class=\"wp-block-group__inner-container\">\n<p>Venez nous rencontrer :<\/p>\n<ul>\n<li>A BUXEROLLES le <strong>Samedi 6 septembre 2025 de 10h \u00e0 17h \u00e0 l&rsquo;Espace des Bizais.\u00a0<\/strong><\/li>\n<\/ul>\n<p style=\"text-align: left;\">Nous pourrons aussi vous renseigner sur nos ateliers r\u00e9guliers lors de FestiLangues le samedi 20 septembre 2025, de 10h \u00e0 118h \u00e0 la Maison des Projets de Buxerolles<\/p>\n<\/div><\/div>\n","protected":false},"excerpt":{"rendered":"<p>&nbsp; Venez nous rencontrer : A BUXEROLLES le Samedi 6 septembre 2025 de 10h \u00e0 17h \u00e0 l&rsquo;Espace des Bizais.\u00a0 Nous pourrons aussi vous renseigner sur nos ateliers r\u00e9guliers lors de FestiLangues le samedi 20 septembre 2025, de 10h \u00e0 118h \u00e0 la Maison des Projets de Buxerolles<\/p>\n","protected":false},"author":7,"featured_media":0,"comment_status":"closed","ping_status":"closed","sticky":false,"template":"","format":"standard","meta":[],"categories":[1],"tags":[],"_links":{"self":[{"href":"https:\/\/tousazimuts-asso.fr\/index.php\/wp-json\/wp\/v2\/posts\/775"}],"collection":[{"href":"https:\/\/tousazimuts-asso.fr\/index.php\/wp-json\/wp\/v2\/posts"}],"about":[{"href":"https:\/\/tousazimuts-asso.fr\/index.php\/wp-json\/wp\/v2\/types\/post"}],"author":[{"embeddable":true,"href":"https:\/\/tousazimuts-asso.fr\/index.php\/wp-json\/wp\/v2\/users\/7"}],"replies":[{"embeddable":true,"href":"https:\/\/tousazimuts-asso.fr\/index.php\/wp-json\/wp\/v2\/comments?post=775"}],"version-history":[{"count":13,"href":"https:\/\/tousazimuts-asso.fr\/index.php\/wp-json\/wp\/v2\/posts\/775\/revisions"}],"predecessor-version":[{"id":3757,"href":"https:\/\/tousazimuts-asso.fr\/index.php\/wp-json\/wp\/v2\/posts\/775\/revisions\/3757"}],"wp:attachment":[{"href":"https:\/\/tousazimuts-asso.fr\/index.php\/wp-json\/wp\/v2\/media?parent=775"}],"wp:term":[{"taxonomy":"category","embeddable":true,"href":"https:\/\/tousazimuts-asso.fr\/index.php\/wp-json\/wp\/v2\/categories?post=775"},{"taxonomy":"post_tag","embeddable":true,"href":"https:\/\/tousazimuts-asso.fr\/index.php\/wp-json\/wp\/v2\/tags?post=775"}],"curies":[{"name":"wp","href":"https:\/\/api.w.org\/{rel}","templated":true}]}}